{"id":578,"date":"2024-06-23T23:06:47","date_gmt":"2024-06-23T21:06:47","guid":{"rendered":"https:\/\/uciim.it\/trentino\/?p=578"},"modified":"2025-04-25T20:23:07","modified_gmt":"2025-04-25T18:23:07","slug":"larte-ponte-fra-i-popoli","status":"publish","type":"post","link":"https:\/\/uciim.it\/trentino\/2024\/06\/23\/larte-ponte-fra-i-popoli\/","title":{"rendered":"L&#8217;ARTE PONTE FRA I POPOLI"},"content":{"rendered":"\n<p class=\"has-text-align-center\"><strong>CORSO DI FORMAZIONE <strong>per insegnanti di scuola primaria e scuola secondaria di I e di II grado<\/strong><\/strong><\/p>\n\n\n\n<p class=\"has-text-align-center\"><strong>marzo-aprile 2025 &#8211; 10 ore <\/strong>in<strong> 4 incontri<\/strong> di 2h e 30\u2019 ciascuno<\/p>\n\n\n\n<p class=\"has-text-align-left\">Popoli diversi convivono nella societ\u00e0 attuale e nuovi linguaggi nei media contribuiscono<em> <\/em>a strutturare l\u2019immaginario collettivo. Il corso <em>&#8216;L&#8217;arte ponte fra i popoli<\/em>&#8216; intende riflettere sul ruolo dell\u2019arte nella dimensione interculturale che ci avvolge ed esplorare come le varie forme artistiche siano uno strumento di comunicazione di aspirazioni e valori condivisi e un modo per contrastare pregiudizi e intolleranza.<\/p>\n\n\n\n<p>La forza comunicativa del linguaggio artistico viene considerata in particolare nell\u2019ambito delle arti figurative e della musica, attraverso l\u2019analisi delle simbologie pittoriche e del potere evocativo del suono come avvicinamento profondo all\u2019altro da s\u00e9.<\/p>\n\n\n\n<p>Le scuole sono sempre pi\u00f9 microcosmo della societ\u00e0 interculturale e il messaggio artistico pu\u00f2 essere utilizzato, al di l\u00e0 dei confini disciplinari, come mezzo che promuove le relazioni tra uomini e donne diversi e alimenta una cultura di pace.<\/p>\n\n\n\n<p><strong>Sede del corso: <\/strong>Vigilianum &#8211; Via Endrici 14 &#8211; 38122 TRENTO. Il quarto incontro \u00e8 un\u2019uscita nella citt\u00e0 di Trento.<\/p>\n\n\n\n<p><strong>Mercoled\u00ec 12 marzo 2025, ore 16.00-18.30: <\/strong>L\u2019arte come espressione di cultura. Introduzione al tema con esperienze a confronto &#8211; prof. Antonio Lurgio.<\/p>\n\n\n\n<p><strong>Mercoled\u00ec 19 marzo 2025, ore 16.00-18.30: <\/strong>L\u2019arte figurativa come ponte ideale. Il linguaggio di un\u2019opera come espressione oltre i tempi e gli spazi &#8211; padre Antonio Viola.<\/p>\n\n\n\n<p><strong>Mercoled\u00ec 26 marzo 2025, ore 16.00-18.30: <\/strong>Il suono come ponte verso l\u2019Altro e come scala verso l\u2019Oltre &#8211; dott. Alessandro Martinelli.<\/p>\n\n\n\n<p><strong>Mercoled\u00ec 2 aprile 2025, ore 15.00-17.30:<\/strong> Occasioni per incontrare l\u2019arte nel quotidiano &#8211; Uscita nella citt\u00e0 di Trento guidata dai relatori.<\/p>\n\n\n\n<p><strong>Iscrizione: <\/strong>modulo al link&nbsp; <a href=\"https:\/\/forms.gle\/d3zfJRVzTzkWsZWr6\" target=\"_blank\" rel=\"noreferrer noopener\">https:\/\/forms.gle\/d3zfJRVzTzkWsZWr6<\/a><\/p>\n\n\n\n<p><strong>Per informazioni: <\/strong><a href=\"mailto:sezionetrento@uciim.it\">sezione.trento@uciim.it<\/a>\u00a0\u00a0\u00a0\u00a0\u00a0\u00a0\u00a0 349 1300431<\/p>\n\n\n\n<div data-wp-interactive=\"\" class=\"wp-block-file\"><object data-wp-bind--hidden=\"!selectors.core.file.hasPdfPreview\" hidden class=\"wp-block-file__embed\" data=\"https:\/\/uciim.it\/trentino\/wp-content\/uploads\/sites\/13\/2025\/02\/locandina_Larte-ponte-fra-i-popoli_agg.pdf\" type=\"application\/pdf\" style=\"width:100%;height:600px\" aria-label=\"Incorporamento di locandina_Larte-ponte-fra-i-popoli_agg.\"><\/object><a id=\"wp-block-file--media-89ef650c-e0fb-47c0-9bec-32370fb2a588\" href=\"https:\/\/uciim.it\/trentino\/wp-content\/uploads\/sites\/13\/2025\/02\/locandina_Larte-ponte-fra-i-popoli_agg.pdf\">locandina_Larte-ponte-fra-i-popoli_agg<\/a><a href=\"https:\/\/uciim.it\/trentino\/wp-content\/uploads\/sites\/13\/2025\/02\/locandina_Larte-ponte-fra-i-popoli_agg.pdf\" class=\"wp-block-file__button wp-element-button\" download aria-describedby=\"wp-block-file--media-89ef650c-e0fb-47c0-9bec-32370fb2a588\">Download<\/a><\/div>\n","protected":false},"excerpt":{"rendered":"<p>CORSO DI FORMAZIONE per insegnanti di scuola primaria e scuola secondaria di I e di II grado marzo-aprile 2025 &#8211; 10 ore in 4 incontri di 2h e 30\u2019 ciascuno Popoli diversi convivono nella societ\u00e0 attuale e nuovi linguaggi nei media contribuiscono a strutturare l\u2019immaginario collettivo. Il corso &#8216;L&#8217;arte ponte fra i popoli&#8216; intende riflettere sul ruolo dell\u2019arte nella dimensione<\/p>\n","protected":false},"author":169,"featured_media":0,"comment_status":"open","ping_status":"open","sticky":false,"template":"","format":"standard","meta":{"footnotes":""},"categories":[1],"tags":[],"jetpack_featured_media_url":"","_links":{"self":[{"href":"https:\/\/uciim.it\/trentino\/wp-json\/wp\/v2\/posts\/578"}],"collection":[{"href":"https:\/\/uciim.it\/trentino\/wp-json\/wp\/v2\/posts"}],"about":[{"href":"https:\/\/uciim.it\/trentino\/wp-json\/wp\/v2\/types\/post"}],"author":[{"embeddable":true,"href":"https:\/\/uciim.it\/trentino\/wp-json\/wp\/v2\/users\/169"}],"replies":[{"embeddable":true,"href":"https:\/\/uciim.it\/trentino\/wp-json\/wp\/v2\/comments?post=578"}],"version-history":[{"count":5,"href":"https:\/\/uciim.it\/trentino\/wp-json\/wp\/v2\/posts\/578\/revisions"}],"predecessor-version":[{"id":653,"href":"https:\/\/uciim.it\/trentino\/wp-json\/wp\/v2\/posts\/578\/revisions\/653"}],"wp:attachment":[{"href":"https:\/\/uciim.it\/trentino\/wp-json\/wp\/v2\/media?parent=578"}],"wp:term":[{"taxonomy":"category","embeddable":true,"href":"https:\/\/uciim.it\/trentino\/wp-json\/wp\/v2\/categories?post=578"},{"taxonomy":"post_tag","embeddable":true,"href":"https:\/\/uciim.it\/trentino\/wp-json\/wp\/v2\/tags?post=578"}],"curies":[{"name":"wp","href":"https:\/\/api.w.org\/{rel}","templated":true}]}}