{"id":790,"date":"2018-10-04T16:35:48","date_gmt":"2018-10-04T14:35:48","guid":{"rendered":"http:\/\/www.uciim.it\/sicilia\/?p=790"},"modified":"2018-10-08T23:53:06","modified_gmt":"2018-10-08T21:53:06","slug":"corso-di-formazione-la-relazione-educativa-a-scuola-adolescenti-affettivita-sessualita-comunicazione","status":"publish","type":"post","link":"https:\/\/uciim.it\/sicilia\/2018\/10\/04\/corso-di-formazione-la-relazione-educativa-a-scuola-adolescenti-affettivita-sessualita-comunicazione\/","title":{"rendered":"CORSO DI FORMAZIONE"},"content":{"rendered":"<p><span style=\"color: #ff0000\"><strong>La relazione educativa a scuola:<\/strong><\/span><br style=\"font-size: 15.2015px\" \/><span style=\"color: #ff0000\"><strong>adolescenti, affettivit\u00e0, sessualit\u00e0, comunicazione<\/strong><\/span><\/p>\n<p>&nbsp;<\/p>\n<p>&nbsp;<\/p>\n<p><strong><em>Corso per docenti di scuola secondaria di 1\u00b0 e 2\u00b0 grado<\/em><\/strong><\/p>\n<p>&nbsp;<\/p>\n<p><a href=\"http:\/\/uciim.it\/sicilia\/2018\/10\/04\/corso-di-formazione-la-relazione-educativa-a-scuola-adolescenti-affettivita-sessualita-comunicazione\/locandina-sgroi\/\" rel=\"attachment wp-att-798\">LOCANDINA <\/a><\/p>\n<p>&nbsp;<\/p>\n<p><strong>PROGRAMMA<\/strong><\/p>\n<p><strong>15 NOVEMBRE 2018<\/strong><\/p>\n<p>Introduzione. Chi siamo? Da dove veniamo? Dove andiamo? Anatomia di un mondo giovanile che \u00e8 in continuo cambiamento.<\/p>\n<p><strong>22 NOVEMBRE 2018<\/strong><\/p>\n<p>L&#8217;adolescente,un &#8220;io&#8221; che cambia pelle. Adolescenti oggi: problematiche tipiche del contesto attuale.<\/p>\n<p><strong>29 NOVEMBRE 2018<\/strong><\/p>\n<p>Educare l&#8217;affettivit\u00e0 e la sessualit\u00e0 degli adolescenti: perch\u00e9 oggi \u00e8 diventato imprescindibile.<\/p>\n<p><strong>\u00a0<\/strong><strong>6 DICEMBRE 2018<\/strong><\/p>\n<p>La comunicazione che cambia: web e social network<\/p>\n<p><strong>\u00a0<\/strong><strong>13 DICEMBRE 2018<\/strong><\/p>\n<p>Strategie per migliorare la comunicazione con gli studenti<\/p>\n<p><strong>\u00a0<\/strong><strong>18 DICEMBRE 2018<\/strong><\/p>\n<p>La collaborazione con i genitori<\/p>\n<p>&nbsp;<\/p>\n<p>&nbsp;<\/p>\n<p class=\"p1\"><span class=\"s1\"><b>Modalit\u00e0 di pagamento del contributo<\/b><\/span><span class=\"s2\"><b>:<\/b><\/span><\/p>\n<p class=\"p1\"><span class=\"s2\">Carta del Docente o Bonifico bancario su conto intestato a UCIIM SICILIA, Banca Credem, IBAN IT84E0303243200010000022062<\/span><\/p>\n<p>CAUSALE Contributo corso relazione educativa nome cognome corsista<\/p>\n<p><em>Per eventuali informazioni rivolgersi a:\u00a0<\/em><em>segreteriauciimsicilia@gmail.com<\/em><\/p>\n<p><em>Segreteria regionale UCIIM Sicilia: cell 351.0740517<\/em><\/p>\n<p>&nbsp;<\/p>\n","protected":false},"excerpt":{"rendered":"<p>La relazione educativa a scuola:adolescenti, affettivit\u00e0, sessualit\u00e0, comunicazione &nbsp; &nbsp; Corso per docenti di scuola secondaria di 1\u00b0 e 2\u00b0 grado &nbsp; LOCANDINA &nbsp; PROGRAMMA 15 NOVEMBRE 2018 Introduzione. Chi siamo? Da dove veniamo? Dove andiamo? Anatomia di un mondo giovanile che \u00e8 in continuo cambiamento. 22 NOVEMBRE 2018 L&#8217;adolescente,un &#8220;io&#8221; che cambia pelle. Adolescenti oggi: problematiche tipiche del contesto<\/p>\n","protected":false},"author":8,"featured_media":792,"comment_status":"open","ping_status":"open","sticky":false,"template":"","format":"standard","meta":{"footnotes":""},"categories":[6,19,1],"tags":[7],"jetpack_featured_media_url":"https:\/\/uciim.it\/sicilia\/wp-content\/uploads\/sites\/5\/2018\/10\/affettivit\u00e0.png","_links":{"self":[{"href":"https:\/\/uciim.it\/sicilia\/wp-json\/wp\/v2\/posts\/790"}],"collection":[{"href":"https:\/\/uciim.it\/sicilia\/wp-json\/wp\/v2\/posts"}],"about":[{"href":"https:\/\/uciim.it\/sicilia\/wp-json\/wp\/v2\/types\/post"}],"author":[{"embeddable":true,"href":"https:\/\/uciim.it\/sicilia\/wp-json\/wp\/v2\/users\/8"}],"replies":[{"embeddable":true,"href":"https:\/\/uciim.it\/sicilia\/wp-json\/wp\/v2\/comments?post=790"}],"version-history":[{"count":11,"href":"https:\/\/uciim.it\/sicilia\/wp-json\/wp\/v2\/posts\/790\/revisions"}],"predecessor-version":[{"id":815,"href":"https:\/\/uciim.it\/sicilia\/wp-json\/wp\/v2\/posts\/790\/revisions\/815"}],"wp:featuredmedia":[{"embeddable":true,"href":"https:\/\/uciim.it\/sicilia\/wp-json\/wp\/v2\/media\/792"}],"wp:attachment":[{"href":"https:\/\/uciim.it\/sicilia\/wp-json\/wp\/v2\/media?parent=790"}],"wp:term":[{"taxonomy":"category","embeddable":true,"href":"https:\/\/uciim.it\/sicilia\/wp-json\/wp\/v2\/categories?post=790"},{"taxonomy":"post_tag","embeddable":true,"href":"https:\/\/uciim.it\/sicilia\/wp-json\/wp\/v2\/tags?post=790"}],"curies":[{"name":"wp","href":"https:\/\/api.w.org\/{rel}","templated":true}]}}