{"id":340,"date":"2018-02-01T20:56:53","date_gmt":"2018-02-01T19:56:53","guid":{"rendered":"http:\/\/www.uciim.it\/sicilia\/?p=340"},"modified":"2020-01-31T09:41:32","modified_gmt":"2020-01-31T08:41:32","slug":"concorso-riservato-docenti-abilitati-specializzati","status":"publish","type":"post","link":"https:\/\/uciim.it\/sicilia\/2018\/02\/01\/concorso-riservato-docenti-abilitati-specializzati\/","title":{"rendered":"CONCORSO RISERVATO DOCENTI ABILITATI\/SPECIALIZZATI"},"content":{"rendered":"<p>&nbsp;<\/p>\n<p><span style=\"color: #ff0000\"><strong>A BREVE I DETTAGLI SUL CORSO DI PREPARAZIONE A CURA DELL&#8217;UCIIM SICILIA!<\/strong><\/span><\/p>\n<p><span style=\"color: #000080\"><strong>Le domande di partecipazione al Concorso, online, dal 20 febbraio al 22 marzo 2018<\/strong>.<\/span><\/p>\n<p>Nell\u2019incontro al MIUR di gioved\u00ec 1 febbraio 2018 \u00e8 stato comunicato che i decreti relativi al regolamento per il concorso riservato agli abilitati (DM 995\/17) e quello relativo al terzo anno del FIT (DM 984\/17) sono stati firmati dalla Ministra e che a breve saranno pubblicati sulla Gazzetta Ufficiale.<br \/>\nUnitamente ai decreti sar\u00e0 pubblicato anche il bando di concorso.<\/p>\n<p>Le domande, online, si potranno presentare dalle ore 9 del 20 febbraio alle ore 23,59 del 22 marzo 2018.<\/p>\n<p>Maggiori dettagli ed una scheda di lettura analitica appena ci sar\u00e0 la pubblicazione sulla Gazzetta Ufficiale.<\/p>\n<p><span style=\"color: #000080\"><strong>Scheda con i requisiti di partecipazione al concorso<\/strong><\/span><\/p>\n<p>I candidati possono presentare domanda in un\u2019unica regione per tutte le classi di concorso o tipologie di posto per i quali posseggono i requisiti.<\/p>\n<p>Il concorso prevede una prova orale non selettiva e la costituzione, nelle varie regioni, di una graduatoria di merito per ogni classe di concorso\/ambito e per il sostegno in base al punteggio della prova (max 40 punti) a cui si aggiunge quello di titoli e servizi (max 60 punti).<\/p>\n<p><span style=\"color: #000080\"><strong>Prova orale non selettiva<\/strong><\/span><\/p>\n<p>\u201cLa prova orale consiste in una lezione simulata e nell&#8217;esplicitazione delle scelte didattiche e metodologiche in relazione ai contenuti disciplinari e al contesto scolastico indicati dalla commissione\u201d. La prova orale valuta anche \u201cla capacit\u00e0 di comprensione e conversazione nella lingua straniera prescelta dal candidato almeno al livello B2 del Quadro Comune Europeo di Riferimento per le lingue.\u201d La prova orale verte sui contenuti indicati nell\u2019allegato A al DM 95\/16relativamente alla scuola secondaria.<\/p>\n<p>Per posto comune la prova \u201cvaluta la padronanza delle discipline in relazione alle competenze metodologiche e di progettazione didattica e curricolare anche mediante l\u2019utilizzo delle tecnologie dell\u2019informazione e della comunicazione.\u201d<br \/>\nPer i posti di sostegno la prova \u201cvaluta la competenza del candidato nelle attivit\u00e0 di sostegno alla studentessa e allo studente con disabilit\u00e0 volte alla definizione di ambienti di apprendimento, alla progettazione didattica e curricolare per garantire l\u2019inclusione e il raggiungimento di obiettivi adeguati alle possibili potenzialit\u00e0 e alle differenti tipologie di disabilit\u00e0, anche mediante l\u2019impiego delle tecnologie normalmente in uso presso le istituzioni scolastiche.\u201d<\/p>\n<p><span style=\"color: #000080\"><strong>Punteggio della prova orale<\/strong><\/span><\/p>\n<p>Alla prova orale \u00e8 assegnato un punteggio massimo di 40 punti: non \u00e8 previsto un punteggio minimo. Alla capacit\u00e0 di comprensione e conversazione nella lingua straniera sono assegnati massimo 3 punti dei 40. Alle competenze sull\u2019utilizzo delle tecnologie dell\u2019informazione e della comunicazione sono assegnati massimo 3 punti dei 40.<\/p>\n<p><span style=\"color: #000080\"><strong>Tabella di valutazione di titoli e servizi<\/strong><\/span><\/p>\n<p>La tabella di valutazione \u00e8 allegata al Decreto e prevede l\u2019assegnazione di un massimo di 60 punti relativi a:<\/p>\n<p>titolo di accesso: massimo 34 punti<br \/>\nulteriori titoli professionali e culturali: massimo 25 punti<br \/>\npubblicazioni: massimo 9 punti<br \/>\nservizi di insegnamento: massimo 30 punti.<\/p>\n","protected":false},"excerpt":{"rendered":"<p>&nbsp; A BREVE I DETTAGLI SUL CORSO DI PREPARAZIONE A CURA DELL&#8217;UCIIM SICILIA! Le domande di partecipazione al Concorso, online, dal 20 febbraio al 22 marzo 2018. Nell\u2019incontro al MIUR di gioved\u00ec 1 febbraio 2018 \u00e8 stato comunicato che i decreti relativi al regolamento per il concorso riservato agli abilitati (DM 995\/17) e quello relativo al terzo anno del FIT<\/p>\n","protected":false},"author":8,"featured_media":349,"comment_status":"open","ping_status":"open","sticky":false,"template":"","format":"standard","meta":{"footnotes":""},"categories":[6,19,1],"tags":[7],"jetpack_featured_media_url":"https:\/\/uciim.it\/sicilia\/wp-content\/uploads\/sites\/5\/2018\/02\/images-1.jpeg","_links":{"self":[{"href":"https:\/\/uciim.it\/sicilia\/wp-json\/wp\/v2\/posts\/340"}],"collection":[{"href":"https:\/\/uciim.it\/sicilia\/wp-json\/wp\/v2\/posts"}],"about":[{"href":"https:\/\/uciim.it\/sicilia\/wp-json\/wp\/v2\/types\/post"}],"author":[{"embeddable":true,"href":"https:\/\/uciim.it\/sicilia\/wp-json\/wp\/v2\/users\/8"}],"replies":[{"embeddable":true,"href":"https:\/\/uciim.it\/sicilia\/wp-json\/wp\/v2\/comments?post=340"}],"version-history":[{"count":6,"href":"https:\/\/uciim.it\/sicilia\/wp-json\/wp\/v2\/posts\/340\/revisions"}],"predecessor-version":[{"id":364,"href":"https:\/\/uciim.it\/sicilia\/wp-json\/wp\/v2\/posts\/340\/revisions\/364"}],"wp:featuredmedia":[{"embeddable":true,"href":"https:\/\/uciim.it\/sicilia\/wp-json\/wp\/v2\/media\/349"}],"wp:attachment":[{"href":"https:\/\/uciim.it\/sicilia\/wp-json\/wp\/v2\/media?parent=340"}],"wp:term":[{"taxonomy":"category","embeddable":true,"href":"https:\/\/uciim.it\/sicilia\/wp-json\/wp\/v2\/categories?post=340"},{"taxonomy":"post_tag","embeddable":true,"href":"https:\/\/uciim.it\/sicilia\/wp-json\/wp\/v2\/tags?post=340"}],"curies":[{"name":"wp","href":"https:\/\/api.w.org\/{rel}","templated":true}]}}