{"id":1431,"date":"2024-01-27T21:04:49","date_gmt":"2024-01-27T20:04:49","guid":{"rendered":"https:\/\/uciim.it\/sicilia\/?p=1431"},"modified":"2024-01-31T13:10:17","modified_gmt":"2024-01-31T12:10:17","slug":"question-time-on-line","status":"publish","type":"post","link":"https:\/\/uciim.it\/sicilia\/2024\/01\/27\/question-time-on-line\/","title":{"rendered":"QUESTION TIME ON LINE"},"content":{"rendered":"\n<p>L&#8217;ESPERTA RISPONDE SU DOMANDE INERENTI I CONCORSI E IL CONTRATTO SCUOLA 2024<\/p>\n\n\n\n<!--more-->\n\n\n\n<figure class=\"wp-block-image size-full is-resized\"><img loading=\"lazy\" decoding=\"async\" width=\"626\" height=\"884\" src=\"https:\/\/uciim.it\/sicilia\/wp-content\/uploads\/sites\/5\/2024\/01\/WhatsApp-Image-2024-01-27-at-20.59.50.jpeg\" alt=\"\" class=\"wp-image-1432\" style=\"width:386px;height:auto\" srcset=\"https:\/\/uciim.it\/sicilia\/wp-content\/uploads\/sites\/5\/2024\/01\/WhatsApp-Image-2024-01-27-at-20.59.50.jpeg 626w, https:\/\/uciim.it\/sicilia\/wp-content\/uploads\/sites\/5\/2024\/01\/WhatsApp-Image-2024-01-27-at-20.59.50-212x300.jpeg 212w\" sizes=\"(max-width: 626px) 100vw, 626px\" \/><\/figure>\n\n\n\n<p>LINK PER LA PARTECIPAZIONE<\/p>\n\n\n\n<p class=\"has-text-color has-link-color wp-elements-92d9719115adacfd2204abc2e13ee920\" style=\"color:#ac1313\">CLICCA   <a href=\"https:\/\/meet.google.com\/zzw-zvzq-fxw\" target=\"_blank\" rel=\"noreferrer noopener\"><strong>QUI<\/strong><\/a><\/p>\n\n\n\n<p>Da poco conclusosi il superlativo, chiarificatore contributo della Dott.ssa Luigina Palazzo, interlocutrice del Question Time online organizzato, su piano regionale, dalla Sezione UCIIM di Canicatt\u00ec, al quale hanno partecipato numerosi docenti e dirigenti. L\u2019esperta UCIIM di politica scolastica, con perizia ed estrema affabilit\u00e0, non risparmiando delucidazioni, preziosi consigli ed informazioni in merito alle procedure concorsuali, agli imminenti corsi abilitanti e al rinnovo del CCNL, ha conquistato le simpatie degli intervenuti, proponendosi per future occasioni d\u2019incontro.<\/p>\n\n\n\n<p>Si ringrazia per l\u2019entusiastico supporto prestato all\u2019iniziativa la dirigente Prof.ssa Chiara Di Prima, presidente regionale UCIIM, la dirigente Prof.ssa Marilena Giglia, consigliera nazionale, la presidente e i soci della Sezione UCIIM di Campobello\/Ravanusa, nonch\u00e9 i soci di Canicatt\u00ec e di Agrigento, il Prof. Antonio Gallo, vicepresidente sezionale di Canicatt\u00ec, per il contributo organizzativo, il Prof. Alfonso Pantaleo, esperto del nazionale, per la cura prestata anche nella risoluzione degli adempimenti tecnici\u2026e, primi fra tutti, ciascuno dei docenti intervenuti; dalla presidente sezionale di Canicatt\u00ec M.Stella Marchese Ragona, organizzatrice dell\u2019incontro, l\u2019augurio pi\u00f9 sentito che gli sforzi profusi possano condurre al conseguimento dei successi professionali sperati. L\u2019UCIIM, associazione d\u2019ispirazione cattolica che promuove programmi di formazione e di aggiornamento culturale e professionale, sin dal 1944, continuer\u00e0 a stare al fianco dei docenti motivati, portabandiera di valori etici e della missione educativa indirizzata alla \u201cpersona\u201d di cui \u00e8 investito, ad ogni livello, chiunque operi nella scuola.<\/p>\n\n\n\n<p>(Giornale Centro Sicilia 29.01.2024)<\/p>\n","protected":false},"excerpt":{"rendered":"<p>L&#8217;ESPERTA RISPONDE SU DOMANDE INERENTI I CONCORSI E IL CONTRATTO SCUOLA 2024<\/p>\n","protected":false},"author":8,"featured_media":1442,"comment_status":"open","ping_status":"open","sticky":true,"template":"","format":"standard","meta":{"footnotes":""},"categories":[6,19],"tags":[],"jetpack_featured_media_url":"https:\/\/uciim.it\/sicilia\/wp-content\/uploads\/sites\/5\/2024\/01\/Logo_Sicilia_Sezioni-1.png","_links":{"self":[{"href":"https:\/\/uciim.it\/sicilia\/wp-json\/wp\/v2\/posts\/1431"}],"collection":[{"href":"https:\/\/uciim.it\/sicilia\/wp-json\/wp\/v2\/posts"}],"about":[{"href":"https:\/\/uciim.it\/sicilia\/wp-json\/wp\/v2\/types\/post"}],"author":[{"embeddable":true,"href":"https:\/\/uciim.it\/sicilia\/wp-json\/wp\/v2\/users\/8"}],"replies":[{"embeddable":true,"href":"https:\/\/uciim.it\/sicilia\/wp-json\/wp\/v2\/comments?post=1431"}],"version-history":[{"count":6,"href":"https:\/\/uciim.it\/sicilia\/wp-json\/wp\/v2\/posts\/1431\/revisions"}],"predecessor-version":[{"id":1441,"href":"https:\/\/uciim.it\/sicilia\/wp-json\/wp\/v2\/posts\/1431\/revisions\/1441"}],"wp:featuredmedia":[{"embeddable":true,"href":"https:\/\/uciim.it\/sicilia\/wp-json\/wp\/v2\/media\/1442"}],"wp:attachment":[{"href":"https:\/\/uciim.it\/sicilia\/wp-json\/wp\/v2\/media?parent=1431"}],"wp:term":[{"taxonomy":"category","embeddable":true,"href":"https:\/\/uciim.it\/sicilia\/wp-json\/wp\/v2\/categories?post=1431"},{"taxonomy":"post_tag","embeddable":true,"href":"https:\/\/uciim.it\/sicilia\/wp-json\/wp\/v2\/tags?post=1431"}],"curies":[{"name":"wp","href":"https:\/\/api.w.org\/{rel}","templated":true}]}}